{"id":666,"date":"2013-12-20T09:51:38","date_gmt":"2013-12-20T11:51:38","guid":{"rendered":"http:\/\/www.encontracaruaru.com.br\/noticias\/?p=666"},"modified":"2013-12-20T09:51:38","modified_gmt":"2013-12-20T11:51:38","slug":"ruas-de-caruaru-terao-transito-invertido-a-partir-de-06-de-janeiro","status":"publish","type":"post","link":"https:\/\/www.encontracaruaru.com.br\/noticias\/ruas-de-caruaru-terao-transito-invertido-a-partir-de-06-de-janeiro\/","title":{"rendered":"Ruas de Caruaru ter\u00e3o tr\u00e2nsito invertido a partir de 06 de janeiro"},"content":{"rendered":"<p>Para melhorar a seguran\u00e7a e promover mobilidade e modernidade no tr\u00e2nsito de Caruaru, a Autarquia Municipal de Defesa Social, Tr\u00e2nsito e Transportes \u2013 Destra ir\u00e1 realizar a invers\u00e3o do tr\u00e2nsito nas ruas Marcionilo Francisco e Francisca Flor\u00eancio Lira. A altera\u00e7\u00e3o faz parte do projeto de moderniza\u00e7\u00e3o e mobilidade da avenida Agamenon Magalh\u00e3es.<\/p>\n<p>A invers\u00e3o do tr\u00e2nsito nas duas vias ir\u00e1 promover as seguintes melhorias:<\/p>\n<p>&#8211; Implanta\u00e7\u00e3o de um novo giro de quadra com sentido da avenida Visconde de Inha\u00fama para rua Francisca Flor\u00eancio Lira;- Al\u00edvio de fluxo veicular no giro de quadra do hospital particular (Santa Efig\u00eania), evitando o cometimento de infra\u00e7\u00f5es de tr\u00e2nsito pelo constante uso da buzina;<\/p>\n<p>&#8211; Mobilidade para os \u00f4nibus coletivos municipais, que evitar\u00e3o dois giros de quadra, tanto pela rua Gon\u00e7alo Coelho (rua do Hospital Santa Efig\u00eania), quanto pela rua Rodrigues de Abreu (rua do restaurante Petisqueiro);<\/p>\n<p>&#8211; Seguran\u00e7a para os alunos da Escola Municipal \u00c1lvaro Lins com o novo sem\u00e1foro de fronte \u00e0 escola;<\/p>\n<p>&#8211; A implanta\u00e7\u00e3o de tr\u00eas novos cruzamentos com sem\u00e1foros modernos \u00e0 LED: Na avenida Agamenon Magalh\u00e3es com Marcionilo Francisco; na avenida Portugal com a Francisca Flor\u00eancio Lira e na rua Visconde de Inha\u00fama com a rua Francisca Flor\u00eancio Lira.<\/p>\n<p>Para auxiliar os condutores, a Destra est\u00e1 instalando placas nas proximidades das ruas informando sobre as altera\u00e7\u00f5es. A invers\u00e3o ir\u00e1 funcionar a partir do dia 06 de janeiro de 2014.<\/p>\n","protected":false},"excerpt":{"rendered":"<p>Para melhorar a seguran\u00e7a e promover mobilidade e modernidade no tr\u00e2nsito de Caruaru, a Autarquia Municipal de Defesa Social, Tr\u00e2nsito e Transportes \u2013 Destra ir\u00e1 realizar a invers\u00e3o do tr\u00e2nsito nas ruas Marcionilo Francisco e Francisca Flor\u00eancio Lira. A altera\u00e7\u00e3o faz parte do projeto de moderniza\u00e7\u00e3o e mobilidade da avenida Agamenon Magalh\u00e3es. A invers\u00e3o do [&hellip;]<\/p>\n","protected":false},"author":1,"featured_media":0,"comment_status":"open","ping_status":"open","sticky":false,"template":"","format":"standard","meta":{"footnotes":""},"categories":[6],"tags":[],"class_list":["post-666","post","type-post","status-publish","format-standard","hentry","category-noticias-caruaru"],"_links":{"self":[{"href":"https:\/\/www.encontracaruaru.com.br\/noticias\/wp-json\/wp\/v2\/posts\/666","targetHints":{"allow":["GET"]}}],"collection":[{"href":"https:\/\/www.encontracaruaru.com.br\/noticias\/wp-json\/wp\/v2\/posts"}],"about":[{"href":"https:\/\/www.encontracaruaru.com.br\/noticias\/wp-json\/wp\/v2\/types\/post"}],"author":[{"embeddable":true,"href":"https:\/\/www.encontracaruaru.com.br\/noticias\/wp-json\/wp\/v2\/users\/1"}],"replies":[{"embeddable":true,"href":"https:\/\/www.encontracaruaru.com.br\/noticias\/wp-json\/wp\/v2\/comments?post=666"}],"version-history":[{"count":1,"href":"https:\/\/www.encontracaruaru.com.br\/noticias\/wp-json\/wp\/v2\/posts\/666\/revisions"}],"predecessor-version":[{"id":667,"href":"https:\/\/www.encontracaruaru.com.br\/noticias\/wp-json\/wp\/v2\/posts\/666\/revisions\/667"}],"wp:attachment":[{"href":"https:\/\/www.encontracaruaru.com.br\/noticias\/wp-json\/wp\/v2\/media?parent=666"}],"wp:term":[{"taxonomy":"category","embeddable":true,"href":"https:\/\/www.encontracaruaru.com.br\/noticias\/wp-json\/wp\/v2\/categories?post=666"},{"taxonomy":"post_tag","embeddable":true,"href":"https:\/\/www.encontracaruaru.com.br\/noticias\/wp-json\/wp\/v2\/tags?post=666"}],"curies":[{"name":"wp","href":"https:\/\/api.w.org\/{rel}","templated":true}]}}