{"id":660,"date":"2013-12-04T10:22:46","date_gmt":"2013-12-04T12:22:46","guid":{"rendered":"http:\/\/www.encontracaruaru.com.br\/noticias\/?p=660"},"modified":"2013-12-04T10:22:46","modified_gmt":"2013-12-04T12:22:46","slug":"orquestra-sinfonica-de-caruaru-se-apresenta-pela-primeira-vez-nesta-quinta-feira-5","status":"publish","type":"post","link":"https:\/\/www.encontracaruaru.com.br\/noticias\/orquestra-sinfonica-de-caruaru-se-apresenta-pela-primeira-vez-nesta-quinta-feira-5\/","title":{"rendered":"Orquestra Sinf\u00f4nica de Caruaru se apresenta pela primeira vez nesta quinta-feira (5)"},"content":{"rendered":"<p>Ap\u00f3s dois meses de ensaio cont\u00ednuo, os 70 jovens que comp\u00f5em a primeira Orquestra Sinf\u00f4nica de Caruaru far\u00e3o sua estreia na pr\u00f3xima quinta-feira (5), \u00e0s 20h30, na Igreja do Convento. O concerto que inaugura as apresenta\u00e7\u00f5es do projeto far\u00e1 homenagem ao maestro Camar\u00e3o e seus mais de 50 anos de carreira e contar\u00e1 com a presen\u00e7a do artista acompanhando os adolescentes durante a celebra\u00e7\u00e3o instrumental.<\/p>\n<p>Unindo a experi\u00eancia adquirida na Orquestra de Violinos e de Metais, meninos e meninas dar\u00e3o continuidade aos projetos idealizados pela primeira-dama do munic\u00edpio, Carminha Queiroz, de promover educa\u00e7\u00e3o e cidadania atrav\u00e9s da m\u00fasica. Os alunos integram o ensino p\u00fablico municipal e grande parte do grupo \u00e9 benefici\u00e1ria de outros programas de assist\u00eancia social da Secretaria da Crian\u00e7a, do Adolescente e de Pol\u00edticas Sociais, respons\u00e1vel pela gest\u00e3o dos projetos.<\/p>\n<p>Para a apresenta\u00e7\u00e3o inicial, o nome do maestro Camar\u00e3o foi escolhido pelo maestro Bitonho, respons\u00e1vel pelas aulas da Orquestra de Violinos. Camar\u00e3o \u00e9 um \u00edcone da m\u00fasica nordestina que teve como um de seus mestres Luiz Gonzaga. De acordo com o regente Bitonho, \u201cnada mais justo do que homenagear em vida o maestro Camar\u00e3o, que \u00e9 uma refer\u00eancia para os m\u00fasicos de todo o pa\u00eds\u201d, destacou.<\/p>\n<p>Posteriormente ao concerto de estreia, os ensaios da Orquestra Sinf\u00f4nica de Caruaru ser\u00e3o realizados tamb\u00e9m na Igreja do Convento, uma vez por semana, nas quartas-feiras \u00e0 noite.<\/p>\n","protected":false},"excerpt":{"rendered":"<p>Ap\u00f3s dois meses de ensaio cont\u00ednuo, os 70 jovens que comp\u00f5em a primeira Orquestra Sinf\u00f4nica de Caruaru far\u00e3o sua estreia na pr\u00f3xima quinta-feira (5), \u00e0s 20h30, na Igreja do Convento. O concerto que inaugura as apresenta\u00e7\u00f5es do projeto far\u00e1 homenagem ao maestro Camar\u00e3o e seus mais de 50 anos de carreira e contar\u00e1 com a [&hellip;]<\/p>\n","protected":false},"author":1,"featured_media":0,"comment_status":"open","ping_status":"open","sticky":false,"template":"","format":"standard","meta":{"footnotes":""},"categories":[6],"tags":[],"class_list":["post-660","post","type-post","status-publish","format-standard","hentry","category-noticias-caruaru"],"_links":{"self":[{"href":"https:\/\/www.encontracaruaru.com.br\/noticias\/wp-json\/wp\/v2\/posts\/660","targetHints":{"allow":["GET"]}}],"collection":[{"href":"https:\/\/www.encontracaruaru.com.br\/noticias\/wp-json\/wp\/v2\/posts"}],"about":[{"href":"https:\/\/www.encontracaruaru.com.br\/noticias\/wp-json\/wp\/v2\/types\/post"}],"author":[{"embeddable":true,"href":"https:\/\/www.encontracaruaru.com.br\/noticias\/wp-json\/wp\/v2\/users\/1"}],"replies":[{"embeddable":true,"href":"https:\/\/www.encontracaruaru.com.br\/noticias\/wp-json\/wp\/v2\/comments?post=660"}],"version-history":[{"count":1,"href":"https:\/\/www.encontracaruaru.com.br\/noticias\/wp-json\/wp\/v2\/posts\/660\/revisions"}],"predecessor-version":[{"id":661,"href":"https:\/\/www.encontracaruaru.com.br\/noticias\/wp-json\/wp\/v2\/posts\/660\/revisions\/661"}],"wp:attachment":[{"href":"https:\/\/www.encontracaruaru.com.br\/noticias\/wp-json\/wp\/v2\/media?parent=660"}],"wp:term":[{"taxonomy":"category","embeddable":true,"href":"https:\/\/www.encontracaruaru.com.br\/noticias\/wp-json\/wp\/v2\/categories?post=660"},{"taxonomy":"post_tag","embeddable":true,"href":"https:\/\/www.encontracaruaru.com.br\/noticias\/wp-json\/wp\/v2\/tags?post=660"}],"curies":[{"name":"wp","href":"https:\/\/api.w.org\/{rel}","templated":true}]}}