{"id":414,"date":"2013-06-25T00:01:21","date_gmt":"2013-06-25T03:01:21","guid":{"rendered":"http:\/\/www.encontracaruaru.com.br\/noticias\/?p=414"},"modified":"2013-06-24T21:22:53","modified_gmt":"2013-06-25T00:22:53","slug":"gerencia-de-protecao-dos-animais-intensifica-fiscalizacoes-de-denuncias-em-caruaru","status":"publish","type":"post","link":"https:\/\/www.encontracaruaru.com.br\/noticias\/gerencia-de-protecao-dos-animais-intensifica-fiscalizacoes-de-denuncias-em-caruaru\/","title":{"rendered":"Ger\u00eancia de Prote\u00e7\u00e3o dos Animais intensifica fiscaliza\u00e7\u00f5es de den\u00fancias em Caruaru"},"content":{"rendered":"<p>Diante do abandono de seis filhotes de cachorro em sacos\u00a0pl\u00e1sticos, na Vila Padre In\u00e1cio, a \u00a0Ger\u00eancia de Prote\u00e7\u00e3o dos Animais ir\u00e1 intensificar as fiscaliza\u00e7\u00f5es de den\u00fancias realizadas pela popula\u00e7\u00e3o sobre abandono e maus tratos contra os animais no munic\u00edpio.<\/p>\n<p>A lei\u00a09.605\u00a0Art. 32 prev\u00ea que praticar ato de abuso, maus-tratos, ferir ou mutilar animais silvestres, dom\u00e9sticos ou domesticados, nativos ou ex\u00f3ticos implica em\u00a0deten\u00e7\u00e3o de tr\u00eas meses a um ano,\u00a0al\u00e9m de\u00a0multa. Ainda h\u00e1 o\u00a0agravante de um sexto a um ter\u00e7o de aumento da pena em caso de morte dos animais.<\/p>\n<p>O gerente de Prote\u00e7\u00e3o dos Animais, Fagner Fernandes, fala sobre a fiscaliza\u00e7\u00e3o contra esse tipo de crime.\u00a0\u00a0\u201cA Ger\u00eancia ir\u00e1 fiscalizar de forma intensiva esses casos no munic\u00edpio e buscar provid\u00eancias por parte da pol\u00edcia e do Minist\u00e9rio P\u00fablico para puni\u00e7\u00e3o dos criminosos\u201d, alertou.<\/p>\n<p>Quem\u00a0quiser fazer alguma den\u00fancia, a Ger\u00eancia de Prote\u00e7\u00e3o dos Animais fica\u00a0na rua R\u00e1dio Cultura, n\u00ba 1.000 no bairro Indian\u00f3polis. O telefone \u00e9 o 8848-3470.<\/p>\n<p><em>Fonte: Prefeitura Municipal de Caruaru<\/em><\/p>\n","protected":false},"excerpt":{"rendered":"<p>Diante do abandono de seis filhotes de cachorro em sacos\u00a0pl\u00e1sticos, na Vila Padre In\u00e1cio, a \u00a0Ger\u00eancia de Prote\u00e7\u00e3o dos Animais ir\u00e1 intensificar as fiscaliza\u00e7\u00f5es de den\u00fancias realizadas pela popula\u00e7\u00e3o sobre abandono e maus tratos contra os animais no munic\u00edpio. A lei\u00a09.605\u00a0Art. 32 prev\u00ea que praticar ato de abuso, maus-tratos, ferir ou mutilar animais silvestres, dom\u00e9sticos [&hellip;]<\/p>\n","protected":false},"author":1,"featured_media":0,"comment_status":"open","ping_status":"open","sticky":false,"template":"","format":"standard","meta":{"footnotes":""},"categories":[6,8],"tags":[15],"class_list":["post-414","post","type-post","status-publish","format-standard","hentry","category-noticias-caruaru","category-servicos-caruaru","tag-caruaru"],"_links":{"self":[{"href":"https:\/\/www.encontracaruaru.com.br\/noticias\/wp-json\/wp\/v2\/posts\/414","targetHints":{"allow":["GET"]}}],"collection":[{"href":"https:\/\/www.encontracaruaru.com.br\/noticias\/wp-json\/wp\/v2\/posts"}],"about":[{"href":"https:\/\/www.encontracaruaru.com.br\/noticias\/wp-json\/wp\/v2\/types\/post"}],"author":[{"embeddable":true,"href":"https:\/\/www.encontracaruaru.com.br\/noticias\/wp-json\/wp\/v2\/users\/1"}],"replies":[{"embeddable":true,"href":"https:\/\/www.encontracaruaru.com.br\/noticias\/wp-json\/wp\/v2\/comments?post=414"}],"version-history":[{"count":1,"href":"https:\/\/www.encontracaruaru.com.br\/noticias\/wp-json\/wp\/v2\/posts\/414\/revisions"}],"predecessor-version":[{"id":415,"href":"https:\/\/www.encontracaruaru.com.br\/noticias\/wp-json\/wp\/v2\/posts\/414\/revisions\/415"}],"wp:attachment":[{"href":"https:\/\/www.encontracaruaru.com.br\/noticias\/wp-json\/wp\/v2\/media?parent=414"}],"wp:term":[{"taxonomy":"category","embeddable":true,"href":"https:\/\/www.encontracaruaru.com.br\/noticias\/wp-json\/wp\/v2\/categories?post=414"},{"taxonomy":"post_tag","embeddable":true,"href":"https:\/\/www.encontracaruaru.com.br\/noticias\/wp-json\/wp\/v2\/tags?post=414"}],"curies":[{"name":"wp","href":"https:\/\/api.w.org\/{rel}","templated":true}]}}