{"id":375,"date":"2013-05-28T00:01:57","date_gmt":"2013-05-28T03:01:57","guid":{"rendered":"http:\/\/www.encontracaruaru.com.br\/noticias\/?p=375"},"modified":"2013-08-19T10:13:56","modified_gmt":"2013-08-19T13:13:56","slug":"caruaru-sera-sede-da-formacao-estadual-do-pnaic","status":"publish","type":"post","link":"https:\/\/www.encontracaruaru.com.br\/noticias\/caruaru-sera-sede-da-formacao-estadual-do-pnaic\/","title":{"rendered":"Caruaru ser\u00e1 sede da forma\u00e7\u00e3o estadual do PNAIC"},"content":{"rendered":"<p>Mais de 830 profissionais da educa\u00e7\u00e3o na cidade de Caruaru estar\u00e3o reunidos para a forma\u00e7\u00e3o estadual do Pacto Nacional pela Alfabetiza\u00e7\u00e3o na Idade Certa \u2013 PNAIC. O evento, realizado atrav\u00e9s de uma parceira entre a Secretaria de Educa\u00e7\u00e3o de guia Caruaru, Minist\u00e9rio da Educa\u00e7\u00e3o e Fafica, tem como objetivo repassar mais informa\u00e7\u00f5es e atualiza\u00e7\u00f5es sobre o pacto.<em>\u00a0<\/em><\/p>\n<p>De acordo com o Secret\u00e1rio de Educa\u00e7\u00e3o, Welson Costa, a forma\u00e7\u00e3o\u00a0promover\u00e1 uma troca de experi\u00eancias muito positiva. \u201cA expectativa para o evento \u00e9 muito boa. Teremos a oportunidade de trocar experi\u00eancias e saberes sobre o pacto\u201d.<em>\u00a0<\/em><\/p>\n<p>O evento acontece entre os dias de 27 a 29, na Fafica, durante todo o dia.<\/p>\n<p><em>Fonte: Prefeitura Municipal de Caruaru<\/em><\/p>\n","protected":false},"excerpt":{"rendered":"<p>Mais de 830 profissionais da educa\u00e7\u00e3o na cidade de Caruaru estar\u00e3o reunidos para a forma\u00e7\u00e3o estadual do Pacto Nacional pela Alfabetiza\u00e7\u00e3o na Idade Certa \u2013 PNAIC. O evento, realizado atrav\u00e9s de uma parceira entre a Secretaria de Educa\u00e7\u00e3o de guia Caruaru, Minist\u00e9rio da Educa\u00e7\u00e3o e Fafica, tem como objetivo repassar mais informa\u00e7\u00f5es e atualiza\u00e7\u00f5es sobre [&hellip;]<\/p>\n","protected":false},"author":1,"featured_media":0,"comment_status":"open","ping_status":"open","sticky":false,"template":"","format":"standard","meta":{"footnotes":""},"categories":[5,6,8],"tags":[15],"class_list":["post-375","post","type-post","status-publish","format-standard","hentry","category-eventos-caruaru","category-noticias-caruaru","category-servicos-caruaru","tag-caruaru"],"_links":{"self":[{"href":"https:\/\/www.encontracaruaru.com.br\/noticias\/wp-json\/wp\/v2\/posts\/375","targetHints":{"allow":["GET"]}}],"collection":[{"href":"https:\/\/www.encontracaruaru.com.br\/noticias\/wp-json\/wp\/v2\/posts"}],"about":[{"href":"https:\/\/www.encontracaruaru.com.br\/noticias\/wp-json\/wp\/v2\/types\/post"}],"author":[{"embeddable":true,"href":"https:\/\/www.encontracaruaru.com.br\/noticias\/wp-json\/wp\/v2\/users\/1"}],"replies":[{"embeddable":true,"href":"https:\/\/www.encontracaruaru.com.br\/noticias\/wp-json\/wp\/v2\/comments?post=375"}],"version-history":[{"count":5,"href":"https:\/\/www.encontracaruaru.com.br\/noticias\/wp-json\/wp\/v2\/posts\/375\/revisions"}],"predecessor-version":[{"id":554,"href":"https:\/\/www.encontracaruaru.com.br\/noticias\/wp-json\/wp\/v2\/posts\/375\/revisions\/554"}],"wp:attachment":[{"href":"https:\/\/www.encontracaruaru.com.br\/noticias\/wp-json\/wp\/v2\/media?parent=375"}],"wp:term":[{"taxonomy":"category","embeddable":true,"href":"https:\/\/www.encontracaruaru.com.br\/noticias\/wp-json\/wp\/v2\/categories?post=375"},{"taxonomy":"post_tag","embeddable":true,"href":"https:\/\/www.encontracaruaru.com.br\/noticias\/wp-json\/wp\/v2\/tags?post=375"}],"curies":[{"name":"wp","href":"https:\/\/api.w.org\/{rel}","templated":true}]}}