{"id":366,"date":"2013-05-20T00:01:03","date_gmt":"2013-05-20T03:01:03","guid":{"rendered":"http:\/\/www.encontracaruaru.com.br\/noticias\/?p=366"},"modified":"2013-08-19T10:14:02","modified_gmt":"2013-08-19T13:14:02","slug":"megaestrutura-e-tecnologia-para-o-sao-joao-de-caruaru","status":"publish","type":"post","link":"https:\/\/www.encontracaruaru.com.br\/noticias\/megaestrutura-e-tecnologia-para-o-sao-joao-de-caruaru\/","title":{"rendered":"Megaestrutura e tecnologia para o S\u00e3o Jo\u00e3o de Caruaru"},"content":{"rendered":"<p>A cidade de Caruaru est\u00e1 tomando formato da festa junina. Ruas enfeitadas, lojas com vitrines tem\u00e1ticas e os rumores sobre como ser\u00e1 a festa. Para deixar tudo pronto at\u00e9 o dia 01 de junho a Prefeitura Municipal de Caruaru (Estado PE)est\u00e1 com mais de 100 homens trabalhando na montagem da estrutura do local. No P\u00e1tio de Eventos Luiz \u201cLua\u201d Gonzaga muitas novidades devem diferenciar a festa esse ano.<\/p>\n<p>O palco principal da festa ser\u00e1 em formato retangular, medindo 44 metros de comprimento e 18 metros de altura, dando uma excelente visibilidade, inclusive, para quem pretende assistir aos shows \u00e0 dist\u00e2ncia. Al\u00e9m disto, a cereja do bolo da estrutura deste ano ser\u00e1 um avance de 20 metros, \u00e0 frente, e uma passarela de 10 metros de comprimento, que possibilitar\u00e3o aos artistas maior proximidade com o p\u00fablico.<\/p>\n<p>A tecnologia tamb\u00e9m promete surpreender, sobre tudo, com os tel\u00f5es de \u00faltima gera\u00e7\u00e3o, que possuem imagens em Led e este ano ser\u00e3o ainda maiores que nos anteriores, passando de 5 para 10 metros de comprimento. S\u00e3o tamb\u00e9m de \u00faltima gera\u00e7\u00e3o a ilumina\u00e7\u00e3o na cidade de Caruaru e o sistema de som.<\/p>\n<p>Os camarotes ter\u00e3o tr\u00eas andares com capacidade para 2500 pessoas. J\u00e1 a \u00e1rea dos restaurantes reunir\u00e1 19 pontos, al\u00e9m disso, 180 barracas de comidas e bebidas.<\/p>\n<p><em>Fonte: Prefeitura Municipal de Caruaru<\/em><\/p>\n","protected":false},"excerpt":{"rendered":"<p>A cidade de Caruaru est\u00e1 tomando formato da festa junina. Ruas enfeitadas, lojas com vitrines tem\u00e1ticas e os rumores sobre como ser\u00e1 a festa. Para deixar tudo pronto at\u00e9 o dia 01 de junho a Prefeitura Municipal de Caruaru (Estado PE)est\u00e1 com mais de 100 homens trabalhando na montagem da estrutura do local. No P\u00e1tio [&hellip;]<\/p>\n","protected":false},"author":1,"featured_media":0,"comment_status":"open","ping_status":"open","sticky":false,"template":"","format":"standard","meta":{"footnotes":""},"categories":[5,6,8],"tags":[15],"class_list":["post-366","post","type-post","status-publish","format-standard","hentry","category-eventos-caruaru","category-noticias-caruaru","category-servicos-caruaru","tag-caruaru"],"_links":{"self":[{"href":"https:\/\/www.encontracaruaru.com.br\/noticias\/wp-json\/wp\/v2\/posts\/366","targetHints":{"allow":["GET"]}}],"collection":[{"href":"https:\/\/www.encontracaruaru.com.br\/noticias\/wp-json\/wp\/v2\/posts"}],"about":[{"href":"https:\/\/www.encontracaruaru.com.br\/noticias\/wp-json\/wp\/v2\/types\/post"}],"author":[{"embeddable":true,"href":"https:\/\/www.encontracaruaru.com.br\/noticias\/wp-json\/wp\/v2\/users\/1"}],"replies":[{"embeddable":true,"href":"https:\/\/www.encontracaruaru.com.br\/noticias\/wp-json\/wp\/v2\/comments?post=366"}],"version-history":[{"count":7,"href":"https:\/\/www.encontracaruaru.com.br\/noticias\/wp-json\/wp\/v2\/posts\/366\/revisions"}],"predecessor-version":[{"id":617,"href":"https:\/\/www.encontracaruaru.com.br\/noticias\/wp-json\/wp\/v2\/posts\/366\/revisions\/617"}],"wp:attachment":[{"href":"https:\/\/www.encontracaruaru.com.br\/noticias\/wp-json\/wp\/v2\/media?parent=366"}],"wp:term":[{"taxonomy":"category","embeddable":true,"href":"https:\/\/www.encontracaruaru.com.br\/noticias\/wp-json\/wp\/v2\/categories?post=366"},{"taxonomy":"post_tag","embeddable":true,"href":"https:\/\/www.encontracaruaru.com.br\/noticias\/wp-json\/wp\/v2\/tags?post=366"}],"curies":[{"name":"wp","href":"https:\/\/api.w.org\/{rel}","templated":true}]}}