{"id":338,"date":"2013-05-01T00:01:11","date_gmt":"2013-05-01T03:01:11","guid":{"rendered":"http:\/\/www.encontracaruaru.com.br\/noticias\/?p=338"},"modified":"2013-08-19T10:13:52","modified_gmt":"2013-08-19T13:13:52","slug":"reuniao-em-caruaru-definira-plano-de-acao-para-a-feira-do-troca","status":"publish","type":"post","link":"https:\/\/www.encontracaruaru.com.br\/noticias\/reuniao-em-caruaru-definira-plano-de-acao-para-a-feira-do-troca\/","title":{"rendered":"Reuni\u00e3o em Caruaru definir\u00e1 plano de a\u00e7\u00e3o para a Feira do Troca"},"content":{"rendered":"<p>Com o intuito de acabar com o tr\u00e1fico de drogas e as vendas de armas na Feira do Troca em Caruaru, no Agreste do Estado de Pernambuco, o Minist\u00e9rio P\u00fablico solicitou que um plano de a\u00e7\u00e3o seja elaborado para o local. O plano dever\u00e1 ser definido durante uma reuni\u00e3o que ser\u00e1 realizada na pr\u00f3xima quinta-feira (02).<\/p>\n<p>Segundo o Minist\u00e9rio P\u00fablico, na Feira do Troca, os bandidos t\u00eam conseguido comprar armas e drogas. Ainda de acordo com o MP do jeito que est\u00e1, a feira n\u00e3o pode mais funcionar e se for preciso ela poder\u00e1 ser extinta.<\/p>\n<p>Foram convocados para participar da reuni\u00e3o, representantes da Prefeitura do munic\u00edpio, Pol\u00edcia Militar e Promotoria da Cidadania. Durante o evento na cidade de Caruaru devem ser tra\u00e7adas as estrat\u00e9gias para acabar de vez com o tr\u00e1fico e a venda ilegal de armas.<\/p>\n<p>A Feira do Troca de Caruaru, acontece durante v\u00e1rios dias da semana no Parque 18 de Maio. No local, as pessoas trocam mercadorias e costumam n\u00e3o utilizar dinheiro.<\/p>\n<p><em>Fonte: NE10<\/em><\/p>\n","protected":false},"excerpt":{"rendered":"<p>Com o intuito de acabar com o tr\u00e1fico de drogas e as vendas de armas na Feira do Troca em Caruaru, no Agreste do Estado de Pernambuco, o Minist\u00e9rio P\u00fablico solicitou que um plano de a\u00e7\u00e3o seja elaborado para o local. O plano dever\u00e1 ser definido durante uma reuni\u00e3o que ser\u00e1 realizada na pr\u00f3xima quinta-feira [&hellip;]<\/p>\n","protected":false},"author":1,"featured_media":0,"comment_status":"open","ping_status":"open","sticky":false,"template":"","format":"standard","meta":{"footnotes":""},"categories":[6,8],"tags":[15],"class_list":["post-338","post","type-post","status-publish","format-standard","hentry","category-noticias-caruaru","category-servicos-caruaru","tag-caruaru"],"_links":{"self":[{"href":"https:\/\/www.encontracaruaru.com.br\/noticias\/wp-json\/wp\/v2\/posts\/338","targetHints":{"allow":["GET"]}}],"collection":[{"href":"https:\/\/www.encontracaruaru.com.br\/noticias\/wp-json\/wp\/v2\/posts"}],"about":[{"href":"https:\/\/www.encontracaruaru.com.br\/noticias\/wp-json\/wp\/v2\/types\/post"}],"author":[{"embeddable":true,"href":"https:\/\/www.encontracaruaru.com.br\/noticias\/wp-json\/wp\/v2\/users\/1"}],"replies":[{"embeddable":true,"href":"https:\/\/www.encontracaruaru.com.br\/noticias\/wp-json\/wp\/v2\/comments?post=338"}],"version-history":[{"count":3,"href":"https:\/\/www.encontracaruaru.com.br\/noticias\/wp-json\/wp\/v2\/posts\/338\/revisions"}],"predecessor-version":[{"id":494,"href":"https:\/\/www.encontracaruaru.com.br\/noticias\/wp-json\/wp\/v2\/posts\/338\/revisions\/494"}],"wp:attachment":[{"href":"https:\/\/www.encontracaruaru.com.br\/noticias\/wp-json\/wp\/v2\/media?parent=338"}],"wp:term":[{"taxonomy":"category","embeddable":true,"href":"https:\/\/www.encontracaruaru.com.br\/noticias\/wp-json\/wp\/v2\/categories?post=338"},{"taxonomy":"post_tag","embeddable":true,"href":"https:\/\/www.encontracaruaru.com.br\/noticias\/wp-json\/wp\/v2\/tags?post=338"}],"curies":[{"name":"wp","href":"https:\/\/api.w.org\/{rel}","templated":true}]}}