{"id":333,"date":"2013-04-29T00:01:13","date_gmt":"2013-04-29T03:01:13","guid":{"rendered":"http:\/\/www.encontracaruaru.com.br\/noticias\/?p=333"},"modified":"2013-08-19T10:13:59","modified_gmt":"2013-08-19T13:13:59","slug":"conferencia-das-cidades-do-municipio-de-caruaru-disponibiliza-site-com-informacoes-e-ficha-de-inscricao-do-evento","status":"publish","type":"post","link":"https:\/\/www.encontracaruaru.com.br\/noticias\/conferencia-das-cidades-do-municipio-de-caruaru-disponibiliza-site-com-informacoes-e-ficha-de-inscricao-do-evento\/","title":{"rendered":"Confer\u00eancia das Cidades do Munic\u00edpio de Caruaru disponibiliza site com informa\u00e7\u00f5es e ficha de inscri\u00e7\u00e3o do evento"},"content":{"rendered":"<p>Est\u00e1 dispon\u00edvel para acesso o site com as informa\u00e7\u00f5es e os dados sobre a 5\u00aa Confer\u00eancia das Cidades do Munic\u00edpio de Caruaru. Na p\u00e1gina a popula\u00e7\u00e3o poder\u00e1 compreender melhor o que \u00e9 a confer\u00eancia, seus objetivos, formato e as etapas das atividades que ser\u00e3o realizadas at\u00e9 a confer\u00eancia nacional.<\/p>\n<p>No site tamb\u00e9m est\u00e1 dispon\u00edvel a ficha de inscri\u00e7\u00e3o para quem tiver interesse em participar, onde j\u00e1 podem at\u00e9 escolher qual grupo tem\u00e1tico pretende compor no dia do evento na cidade de Caruaru. Com a ferramenta a Secretaria de Planejamento, respons\u00e1vel pela organiza\u00e7\u00e3o, pretende disseminar o evento e apresent\u00e1-lo a sociedade de forma democr\u00e1tica.<\/p>\n<p>A Confer\u00eancia Municipal das Cidades \u00e9 etapa integrante da 5\u00ba Confer\u00eancia Nacional das Cidades, sua realiza\u00e7\u00e3o antecede o \u00e2mbito nacional e estadual. Seus trabalhos ser\u00e3o desenvolvidos atrav\u00e9s do tema: \u201cQuem Muda a Cidade Somos N\u00f3s: Reforma Urbana J\u00e1\u201d. O objetivo \u00e9 propor a interlocu\u00e7\u00e3o entre os mun\u00edcipes que representam os diversos segmentos sobre assuntos relacionados \u00e0 Pol\u00edtica Municipal, Estadual e Nacional de Desenvolvimento Urbano. Outro ponto \u00e9 sensibilizar e mobilizar a sociedade local para o estabelecimento de agendas, metas e planos de a\u00e7\u00e3o para enfrentar os problemas existentes no munic\u00edpio.<\/p>\n<p>Em Caruaru (Estado de PE) o evento ser\u00e1 nos dias 23 e 24 de maio, na Faculdade de Filosofia, Ci\u00eancias e Letras de Caruaru (FAFICA). O site da Confer\u00eancia est\u00e1 dispon\u00edvel atrav\u00e9s do endere\u00e7o:\u00a0atualizacao.caruaru.pe.gov.br\/seplang\/index.jsf<\/p>\n<p><em>Fonte: Prefeitura Municipal de Caruaru<\/em><\/p>\n","protected":false},"excerpt":{"rendered":"<p>Est\u00e1 dispon\u00edvel para acesso o site com as informa\u00e7\u00f5es e os dados sobre a 5\u00aa Confer\u00eancia das Cidades do Munic\u00edpio de Caruaru. Na p\u00e1gina a popula\u00e7\u00e3o poder\u00e1 compreender melhor o que \u00e9 a confer\u00eancia, seus objetivos, formato e as etapas das atividades que ser\u00e3o realizadas at\u00e9 a confer\u00eancia nacional. No site tamb\u00e9m est\u00e1 dispon\u00edvel a [&hellip;]<\/p>\n","protected":false},"author":1,"featured_media":0,"comment_status":"open","ping_status":"open","sticky":false,"template":"","format":"standard","meta":{"footnotes":""},"categories":[5,6,8],"tags":[15],"class_list":["post-333","post","type-post","status-publish","format-standard","hentry","category-eventos-caruaru","category-noticias-caruaru","category-servicos-caruaru","tag-caruaru"],"_links":{"self":[{"href":"https:\/\/www.encontracaruaru.com.br\/noticias\/wp-json\/wp\/v2\/posts\/333","targetHints":{"allow":["GET"]}}],"collection":[{"href":"https:\/\/www.encontracaruaru.com.br\/noticias\/wp-json\/wp\/v2\/posts"}],"about":[{"href":"https:\/\/www.encontracaruaru.com.br\/noticias\/wp-json\/wp\/v2\/types\/post"}],"author":[{"embeddable":true,"href":"https:\/\/www.encontracaruaru.com.br\/noticias\/wp-json\/wp\/v2\/users\/1"}],"replies":[{"embeddable":true,"href":"https:\/\/www.encontracaruaru.com.br\/noticias\/wp-json\/wp\/v2\/comments?post=333"}],"version-history":[{"count":5,"href":"https:\/\/www.encontracaruaru.com.br\/noticias\/wp-json\/wp\/v2\/posts\/333\/revisions"}],"predecessor-version":[{"id":587,"href":"https:\/\/www.encontracaruaru.com.br\/noticias\/wp-json\/wp\/v2\/posts\/333\/revisions\/587"}],"wp:attachment":[{"href":"https:\/\/www.encontracaruaru.com.br\/noticias\/wp-json\/wp\/v2\/media?parent=333"}],"wp:term":[{"taxonomy":"category","embeddable":true,"href":"https:\/\/www.encontracaruaru.com.br\/noticias\/wp-json\/wp\/v2\/categories?post=333"},{"taxonomy":"post_tag","embeddable":true,"href":"https:\/\/www.encontracaruaru.com.br\/noticias\/wp-json\/wp\/v2\/tags?post=333"}],"curies":[{"name":"wp","href":"https:\/\/api.w.org\/{rel}","templated":true}]}}