{"id":326,"date":"2013-04-23T00:01:08","date_gmt":"2013-04-23T03:01:08","guid":{"rendered":"http:\/\/www.encontracaruaru.com.br\/noticias\/?p=326"},"modified":"2013-08-19T10:13:49","modified_gmt":"2013-08-19T13:13:49","slug":"prefeitura-de-caruaru-realiza-forum-municipal-de-educacao-em-24-de-abril","status":"publish","type":"post","link":"https:\/\/www.encontracaruaru.com.br\/noticias\/prefeitura-de-caruaru-realiza-forum-municipal-de-educacao-em-24-de-abril\/","title":{"rendered":"Prefeitura de Caruaru realiza F\u00f3rum Municipal de Educa\u00e7\u00e3o em 24 de abril"},"content":{"rendered":"<p>A Prefeitura Municipal de Caruaru, atrav\u00e9s da Secretaria de Educa\u00e7\u00e3o, realizar\u00e1 amanh\u00e3 (24) o F\u00f3rum Municipal de Educa\u00e7\u00e3o. O F\u00f3rum ser\u00e1 o evento na cidade de Caruaru que anteceder\u00e1 a Confer\u00eancia Municipal de Educa\u00e7\u00e3o.<\/p>\n<p>O encontro ir\u00e1 reunir representantes da Secretaria de Educa\u00e7\u00e3o, Conselhos Municipais, unidades de ensino superior e sociedade civil organizada. De acordo com o Secret\u00e1rio de Educa\u00e7\u00e3o, Welson Costa, o F\u00f3rum \u00e9 um passo muito importante para os novos rumos da educa\u00e7\u00e3o. \u201cO objetivo \u00e9 que essa discuss\u00e3o fa\u00e7a com que todos repensem os destinos da educa\u00e7\u00e3o municipal\u201d.<\/p>\n<p>O F\u00f3rum Municipal de Educa\u00e7\u00e3o acontecer\u00e1 no audit\u00f3rio da Secretaria de Educa\u00e7\u00e3o, a partir das 9h.<\/p>\n<p><em>Fonte: Prefeitura Municipal de Caruaru<\/em><\/p>\n","protected":false},"excerpt":{"rendered":"<p>A Prefeitura Municipal de Caruaru, atrav\u00e9s da Secretaria de Educa\u00e7\u00e3o, realizar\u00e1 amanh\u00e3 (24) o F\u00f3rum Municipal de Educa\u00e7\u00e3o. O F\u00f3rum ser\u00e1 o evento na cidade de Caruaru que anteceder\u00e1 a Confer\u00eancia Municipal de Educa\u00e7\u00e3o. O encontro ir\u00e1 reunir representantes da Secretaria de Educa\u00e7\u00e3o, Conselhos Municipais, unidades de ensino superior e sociedade civil organizada. De acordo [&hellip;]<\/p>\n","protected":false},"author":1,"featured_media":0,"comment_status":"open","ping_status":"open","sticky":false,"template":"","format":"standard","meta":{"footnotes":""},"categories":[5,6,8],"tags":[15],"class_list":["post-326","post","type-post","status-publish","format-standard","hentry","category-eventos-caruaru","category-noticias-caruaru","category-servicos-caruaru","tag-caruaru"],"_links":{"self":[{"href":"https:\/\/www.encontracaruaru.com.br\/noticias\/wp-json\/wp\/v2\/posts\/326","targetHints":{"allow":["GET"]}}],"collection":[{"href":"https:\/\/www.encontracaruaru.com.br\/noticias\/wp-json\/wp\/v2\/posts"}],"about":[{"href":"https:\/\/www.encontracaruaru.com.br\/noticias\/wp-json\/wp\/v2\/types\/post"}],"author":[{"embeddable":true,"href":"https:\/\/www.encontracaruaru.com.br\/noticias\/wp-json\/wp\/v2\/users\/1"}],"replies":[{"embeddable":true,"href":"https:\/\/www.encontracaruaru.com.br\/noticias\/wp-json\/wp\/v2\/comments?post=326"}],"version-history":[{"count":2,"href":"https:\/\/www.encontracaruaru.com.br\/noticias\/wp-json\/wp\/v2\/posts\/326\/revisions"}],"predecessor-version":[{"id":440,"href":"https:\/\/www.encontracaruaru.com.br\/noticias\/wp-json\/wp\/v2\/posts\/326\/revisions\/440"}],"wp:attachment":[{"href":"https:\/\/www.encontracaruaru.com.br\/noticias\/wp-json\/wp\/v2\/media?parent=326"}],"wp:term":[{"taxonomy":"category","embeddable":true,"href":"https:\/\/www.encontracaruaru.com.br\/noticias\/wp-json\/wp\/v2\/categories?post=326"},{"taxonomy":"post_tag","embeddable":true,"href":"https:\/\/www.encontracaruaru.com.br\/noticias\/wp-json\/wp\/v2\/tags?post=326"}],"curies":[{"name":"wp","href":"https:\/\/api.w.org\/{rel}","templated":true}]}}