{"id":313,"date":"2013-04-15T00:01:44","date_gmt":"2013-04-15T03:01:44","guid":{"rendered":"http:\/\/www.encontracaruaru.com.br\/noticias\/?p=313"},"modified":"2013-08-19T10:13:55","modified_gmt":"2013-08-19T13:13:55","slug":"campanha-de-vacinacao-contra-a-gripe-comeca-hoje-em-caruaru","status":"publish","type":"post","link":"https:\/\/www.encontracaruaru.com.br\/noticias\/campanha-de-vacinacao-contra-a-gripe-comeca-hoje-em-caruaru\/","title":{"rendered":"Campanha de vacina\u00e7\u00e3o contra a gripe come\u00e7a hoje em Caruaru"},"content":{"rendered":"<p>Chegou a hora de se imunizar. Entre os dias 15 e 26 de abril ser\u00e1 realizada a 15\u00aa Campanha Nacional de Vacina\u00e7\u00e3o contra a Gripe, que este ano tem o slogan: \u201cQuem lembra da vacina se protege da gripe\u201d. 20 de abril ser\u00e1 o dia de mobiliza\u00e7\u00e3o nacional. Este ano, o Minist\u00e9rio da Sa\u00fade disponibilizou quase dois milh\u00f5es de doses para o Estado de Pernambuco.<\/p>\n<p>Crian\u00e7as com idade entre seis meses e menos de 2 anos, adultos com 60 anos ou mais, gestantes, as pu\u00e9rperas (at\u00e9 45 dias ap\u00f3s o parto), portadores de doen\u00e7as cr\u00f4nicas, popula\u00e7\u00e3o privada da liberdade e profissionais da sa\u00fade ter\u00e3o a oportunidade de se vacinar contra a doen\u00e7a.<\/p>\n<p>A coordenadora do Programa Nacional de Imuniza\u00e7\u00e3o da Secretaria de Sa\u00fade na cidade de Caruaru, Sandra Carvalho, explica a import\u00e2ncia das pessoas participarem da campanha. \u201cNo ano passado, conseguimos vacinar mais de 95% da nossa popula\u00e7\u00e3o. O v\u00edrus usado \u00e9 inativado, portanto, n\u00e3o h\u00e1 transmiss\u00e3o da gripe pela vacina. Desse modo, n\u00e3o existe porque n\u00e3o se imunizar\u201d, explica.<\/p>\n<p>A campanha ser\u00e1 desenvolvida nos PSF\u2019s e Centros de Sa\u00fade de Caruaru, das 8h at\u00e9 \u00e0s 16h, al\u00e9m do Marco Zero, das 8h \u00e0s 17h. No dia \u201cD\u201d da campanha, al\u00e9m dos postos fixos j\u00e1 citados, mais quatro ser\u00e3o inseridos: North Shopping, Shopping Difusora, A\u00e7a\u00ed e o Bonanza, localizado no bairro Maur\u00edcio de Nassau. Nesses locais, o hor\u00e1rio de\u00a0atendimento tamb\u00e9m ser\u00e1\u00a0das 8h \u00e0s 17h.<\/p>\n<p><strong>ATEN\u00c7\u00c3O<\/strong><\/p>\n<p>Pacientes cr\u00f4nicos precisam ser imunizados, por\u00e9m \u00e9 necess\u00e1rio que apresentem a prescri\u00e7\u00e3o para que isso aconte\u00e7a. Doentes respirat\u00f3rios, doentes card\u00edacos, doentes renal, doentes hep\u00e1ticos, doentes neurol\u00f3gicos \u2013 todos em estado cr\u00f4nico -, diab\u00e9ticos, imunodepressivos, obesos grau III e transplantados foram inseridos este ano no grupo.<\/p>\n<p><em>Fonte: Prefeitura Municipal de Caruaru<\/em><\/p>\n","protected":false},"excerpt":{"rendered":"<p>Chegou a hora de se imunizar. Entre os dias 15 e 26 de abril ser\u00e1 realizada a 15\u00aa Campanha Nacional de Vacina\u00e7\u00e3o contra a Gripe, que este ano tem o slogan: \u201cQuem lembra da vacina se protege da gripe\u201d. 20 de abril ser\u00e1 o dia de mobiliza\u00e7\u00e3o nacional. Este ano, o Minist\u00e9rio da Sa\u00fade disponibilizou [&hellip;]<\/p>\n","protected":false},"author":1,"featured_media":0,"comment_status":"open","ping_status":"open","sticky":false,"template":"","format":"standard","meta":{"footnotes":""},"categories":[6,8],"tags":[15],"class_list":["post-313","post","type-post","status-publish","format-standard","hentry","category-noticias-caruaru","category-servicos-caruaru","tag-caruaru"],"_links":{"self":[{"href":"https:\/\/www.encontracaruaru.com.br\/noticias\/wp-json\/wp\/v2\/posts\/313","targetHints":{"allow":["GET"]}}],"collection":[{"href":"https:\/\/www.encontracaruaru.com.br\/noticias\/wp-json\/wp\/v2\/posts"}],"about":[{"href":"https:\/\/www.encontracaruaru.com.br\/noticias\/wp-json\/wp\/v2\/types\/post"}],"author":[{"embeddable":true,"href":"https:\/\/www.encontracaruaru.com.br\/noticias\/wp-json\/wp\/v2\/users\/1"}],"replies":[{"embeddable":true,"href":"https:\/\/www.encontracaruaru.com.br\/noticias\/wp-json\/wp\/v2\/comments?post=313"}],"version-history":[{"count":4,"href":"https:\/\/www.encontracaruaru.com.br\/noticias\/wp-json\/wp\/v2\/posts\/313\/revisions"}],"predecessor-version":[{"id":526,"href":"https:\/\/www.encontracaruaru.com.br\/noticias\/wp-json\/wp\/v2\/posts\/313\/revisions\/526"}],"wp:attachment":[{"href":"https:\/\/www.encontracaruaru.com.br\/noticias\/wp-json\/wp\/v2\/media?parent=313"}],"wp:term":[{"taxonomy":"category","embeddable":true,"href":"https:\/\/www.encontracaruaru.com.br\/noticias\/wp-json\/wp\/v2\/categories?post=313"},{"taxonomy":"post_tag","embeddable":true,"href":"https:\/\/www.encontracaruaru.com.br\/noticias\/wp-json\/wp\/v2\/tags?post=313"}],"curies":[{"name":"wp","href":"https:\/\/api.w.org\/{rel}","templated":true}]}}