{"id":304,"date":"2013-04-09T00:01:57","date_gmt":"2013-04-09T03:01:57","guid":{"rendered":"http:\/\/www.encontracaruaru.com.br\/noticias\/?p=304"},"modified":"2013-08-19T10:13:58","modified_gmt":"2013-08-19T13:13:58","slug":"em-caruaru-mototaxistas-que-tenham-motos-com-placas-terminadas-em-um-sao-convocados","status":"publish","type":"post","link":"https:\/\/www.encontracaruaru.com.br\/noticias\/em-caruaru-mototaxistas-que-tenham-motos-com-placas-terminadas-em-um-sao-convocados\/","title":{"rendered":"Em Caruaru, mototaxistas que tenham motos com placas terminadas em um s\u00e3o convocados"},"content":{"rendered":"<p>Iniciaram-se ontem (08), as vistorias das motos com placas terminadas em um, dos mototaxistas de Caruaru, no Agreste do Estado PE. As vistorias come\u00e7aram no dia primeiro de abril e seguem at\u00e9 o de sete de junho. Elas seguem o calend\u00e1rio estabelecido em acordo com a finaliza\u00e7\u00e3o das placas de cada moto.<\/p>\n<p>Segundo a Autarquia Municipal de Defesa Social, Tr\u00e2nsito e Transportes (Destra), que realiza a a\u00e7\u00e3o, as inspe\u00e7\u00f5es t\u00eam como objetivo garantir a seguran\u00e7a dos usu\u00e1rios e ainda confirmar o direito dos mototaxistas regulamentados. Durante a vistoria, ser\u00e3o exigidos: corta pipa; protetor de motor; porta bagagem e capacete; pneus na cidade de Caruaru em boas condi\u00e7\u00f5es e a padroniza\u00e7\u00e3o das motos e dos capacetes. Tamb\u00e9m ser\u00e3o observadas as partes el\u00e9tricas, mec\u00e2nicas do ve\u00edculo e se h\u00e1 excesso na emiss\u00e3o de poluentes. Os profissionais dever\u00e3o estar munidos da Carteira Nacional de Habilita\u00e7\u00e3o (CNH), do Certificado de Registro e Licenciamento de Ve\u00edculo (CRLV), do colete devidamente autorizado e em acordo com a resolu\u00e7\u00e3o 356 do Contran.<\/p>\n<p>As vistorias s\u00e3o realizadas das 8h \u00e0s 13h, na sede da destra que fica na rua Jos\u00e9 Mariano de Lima, n\u00ba 69, bairro Universit\u00e1rio. Segundo a Destra, aqueles que cumprirem com todas as determina\u00e7\u00f5es estabelecidas receber\u00e3o, na hora, o selo de regulamenta\u00e7\u00e3o da Destra e a libera\u00e7\u00e3o para a placa de aluguel, claro, os que ainda n\u00e3o estiverem com a nova placa.<\/p>\n<p><em>Fonte: NE10<\/em><\/p>\n","protected":false},"excerpt":{"rendered":"<p>Iniciaram-se ontem (08), as vistorias das motos com placas terminadas em um, dos mototaxistas de Caruaru, no Agreste do Estado PE. As vistorias come\u00e7aram no dia primeiro de abril e seguem at\u00e9 o de sete de junho. Elas seguem o calend\u00e1rio estabelecido em acordo com a finaliza\u00e7\u00e3o das placas de cada moto. Segundo a Autarquia [&hellip;]<\/p>\n","protected":false},"author":1,"featured_media":0,"comment_status":"open","ping_status":"open","sticky":false,"template":"","format":"standard","meta":{"footnotes":""},"categories":[6,8],"tags":[15],"class_list":["post-304","post","type-post","status-publish","format-standard","hentry","category-noticias-caruaru","category-servicos-caruaru","tag-caruaru"],"_links":{"self":[{"href":"https:\/\/www.encontracaruaru.com.br\/noticias\/wp-json\/wp\/v2\/posts\/304","targetHints":{"allow":["GET"]}}],"collection":[{"href":"https:\/\/www.encontracaruaru.com.br\/noticias\/wp-json\/wp\/v2\/posts"}],"about":[{"href":"https:\/\/www.encontracaruaru.com.br\/noticias\/wp-json\/wp\/v2\/types\/post"}],"author":[{"embeddable":true,"href":"https:\/\/www.encontracaruaru.com.br\/noticias\/wp-json\/wp\/v2\/users\/1"}],"replies":[{"embeddable":true,"href":"https:\/\/www.encontracaruaru.com.br\/noticias\/wp-json\/wp\/v2\/comments?post=304"}],"version-history":[{"count":4,"href":"https:\/\/www.encontracaruaru.com.br\/noticias\/wp-json\/wp\/v2\/posts\/304\/revisions"}],"predecessor-version":[{"id":577,"href":"https:\/\/www.encontracaruaru.com.br\/noticias\/wp-json\/wp\/v2\/posts\/304\/revisions\/577"}],"wp:attachment":[{"href":"https:\/\/www.encontracaruaru.com.br\/noticias\/wp-json\/wp\/v2\/media?parent=304"}],"wp:term":[{"taxonomy":"category","embeddable":true,"href":"https:\/\/www.encontracaruaru.com.br\/noticias\/wp-json\/wp\/v2\/categories?post=304"},{"taxonomy":"post_tag","embeddable":true,"href":"https:\/\/www.encontracaruaru.com.br\/noticias\/wp-json\/wp\/v2\/tags?post=304"}],"curies":[{"name":"wp","href":"https:\/\/api.w.org\/{rel}","templated":true}]}}