{"id":295,"date":"2013-04-01T00:01:56","date_gmt":"2013-04-01T03:01:56","guid":{"rendered":"http:\/\/www.encontracaruaru.com.br\/noticias\/?p=295"},"modified":"2013-08-19T10:13:57","modified_gmt":"2013-08-19T13:13:57","slug":"exposicao-fotografica-homenageia-o-trabalho-de-parteiras-em-caruaru","status":"publish","type":"post","link":"https:\/\/www.encontracaruaru.com.br\/noticias\/exposicao-fotografica-homenageia-o-trabalho-de-parteiras-em-caruaru\/","title":{"rendered":"Exposi\u00e7\u00e3o fotogr\u00e1fica homenageia o trabalho de parteiras em Caruaru"},"content":{"rendered":"<p>Uma exposi\u00e7\u00e3o fotogr\u00e1fica itinerante vai homenagear o papel das parteiras do Estado de Pernambuco e de outros estados do Nordeste durante o m\u00eas de abril. A exibi\u00e7\u00e3o &#8220;Parteiras &#8211; um mundo pelas m\u00e3os&#8221;, de autoria do fot\u00f3grafo pernambucano Eduardo Queiroga, realizada pelo Instituto N\u00f4mades e financiada pelo Funcultura Independente, come\u00e7ou neste s\u00e1bado (30), no interior.<\/p>\n<p>A primeira parada ser\u00e1 o territ\u00f3rio ind\u00edgena Pankarus, no Sert\u00e3o do estado, seguindo depois para os munic\u00edpios de Palmares, na Mata Sul, e Caruaru, no Agreste, locais que fazem parte das fotografias em exposi\u00e7\u00e3o. O artista pretende retornar \u00e0 regi\u00e3o e &#8220;devolver&#8221; as imagens aos persongens, al\u00e9m de valorizar e reconhecer os saberes e pr\u00e1ticas destas mulheres.<\/p>\n<p>&#8220;Esse trabalho \u00e9 um desdobramento de um projeto maior, realizado pelo Instituto N\u00f4mades, que trabalhou no Invent\u00e1rio das Pr\u00e1ticas e Saberes das Parteiras Tradicionais de Pernambuco. A pesquisa visitou nove localidades, incluindo tr\u00eas etnias ind\u00edgenas&#8221;, disse Eduardo Queiroga.<\/p>\n<p>O fot\u00f3grafo na cidade de Caruaru afirma que o trabalho amplia a vis\u00e3o sobre a profiss\u00e3o das mulheres que realizam o parto natural. &#8220;Eu n\u00e3o nasci com parteira, mas pude experimentar muito do acolhimento e aten\u00e7\u00e3o dessas mulheres, que nos receberam em suas casas, abriram suas portas. Elas carregam um conhecimento que vai muito al\u00e9m do partejar, s\u00e3o refer\u00eancias nas comunidades onde vivem. Existe todo um saber, que segue uma tradi\u00e7\u00e3o oral, mas que corre o risco de ser perdido, uma vez que existe pouco interesse das novas gera\u00e7\u00f5es darem seguimento a essa atividade&#8221;, explicou.<\/p>\n<p>Eduardo deseja levar a exposi\u00e7\u00e3o para outras cidades, mas por enquanto dever\u00e1 ficar percorrendo as regi\u00f5es onde tirou as fotos. &#8220;Futuramente gostar\u00edamos de alcan\u00e7ar capitais, por\u00e9m nosso intuito primeiro \u00e9 chegar nessas localidades, como a Aldeia dos Padres, onde certamente a oferta de produtos culturais como esse s\u00e3o mais raras.&#8221;<\/p>\n<p>Ao todo, foram tiradas 15 mil fotos entre os anos de 2008 e 2011. Dessas, foram selecionadas 30 fotografias impressas em tecidos de 100 x 150 cent\u00edmetros, expostas em locais p\u00fablicos e de f\u00e1cil acesso \u00e0 popula\u00e7\u00e3o em geral. Outras 120 fotos ser\u00e3o exibidas num tel\u00e3o e haver\u00e1 distribui\u00e7\u00e3o gratuita de um cat\u00e1logo com as fotografias. O material ser\u00e1 doado aos munic\u00edpios ao fim do evento.<\/p>\n<p>A exposi\u00e7\u00e3o fica por sete dias em cada local. A \u00faltima parada termina no dia 4 de maio, v\u00e9spera do Dia Internacional da Parteira, celebrado no dia 5. Confira as datas abaixo.<\/p>\n<p><strong>Servi\u00e7o<\/strong><\/p>\n<p>Exposi\u00e7\u00e3o &#8220;Parteiras &#8211; Um Mundo pelas M\u00e3os&#8221;<br \/>\nEtnia Pankararu<br \/>\nDe 30 de mar\u00e7o a 5 de abril<br \/>\nInaugura\u00e7\u00e3o: s\u00e1bado, 30 de mar\u00e7o, \u00e0s 17h30<br \/>\nPra\u00e7a da Igreja Santo Ant\u00f4nio, Aldeia Brejo dos Padres &#8211; Jatob\u00e1<\/p>\n<p>Palmares<br \/>\nDe 20 a 26 de abril<br \/>\nInaugura\u00e7\u00e3o: s\u00e1bado, 20 de abril, \u00e0s 18h<br \/>\nPra\u00e7a Doutor Paulo Paranhos, Centro &#8211; Palmares<\/p>\n<p>Caruaru<br \/>\nDe 4 a 10 de maio<br \/>\nInaugura\u00e7\u00e3o: s\u00e1bado, 4 de maio &#8211; \u00e0s 18h<br \/>\nHall da Prefeitura, Pra\u00e7a Teot\u00f4nio Vilela &#8211; Centro<\/p>\n<p><em>Fonte: G1<\/em><\/p>\n","protected":false},"excerpt":{"rendered":"<p>Uma exposi\u00e7\u00e3o fotogr\u00e1fica itinerante vai homenagear o papel das parteiras do Estado de Pernambuco e de outros estados do Nordeste durante o m\u00eas de abril. A exibi\u00e7\u00e3o &#8220;Parteiras &#8211; um mundo pelas m\u00e3os&#8221;, de autoria do fot\u00f3grafo pernambucano Eduardo Queiroga, realizada pelo Instituto N\u00f4mades e financiada pelo Funcultura Independente, come\u00e7ou neste s\u00e1bado (30), no interior. [&hellip;]<\/p>\n","protected":false},"author":1,"featured_media":0,"comment_status":"open","ping_status":"open","sticky":false,"template":"","format":"standard","meta":{"footnotes":""},"categories":[5,6,8],"tags":[15],"class_list":["post-295","post","type-post","status-publish","format-standard","hentry","category-eventos-caruaru","category-noticias-caruaru","category-servicos-caruaru","tag-caruaru"],"_links":{"self":[{"href":"https:\/\/www.encontracaruaru.com.br\/noticias\/wp-json\/wp\/v2\/posts\/295","targetHints":{"allow":["GET"]}}],"collection":[{"href":"https:\/\/www.encontracaruaru.com.br\/noticias\/wp-json\/wp\/v2\/posts"}],"about":[{"href":"https:\/\/www.encontracaruaru.com.br\/noticias\/wp-json\/wp\/v2\/types\/post"}],"author":[{"embeddable":true,"href":"https:\/\/www.encontracaruaru.com.br\/noticias\/wp-json\/wp\/v2\/users\/1"}],"replies":[{"embeddable":true,"href":"https:\/\/www.encontracaruaru.com.br\/noticias\/wp-json\/wp\/v2\/comments?post=295"}],"version-history":[{"count":4,"href":"https:\/\/www.encontracaruaru.com.br\/noticias\/wp-json\/wp\/v2\/posts\/295\/revisions"}],"predecessor-version":[{"id":570,"href":"https:\/\/www.encontracaruaru.com.br\/noticias\/wp-json\/wp\/v2\/posts\/295\/revisions\/570"}],"wp:attachment":[{"href":"https:\/\/www.encontracaruaru.com.br\/noticias\/wp-json\/wp\/v2\/media?parent=295"}],"wp:term":[{"taxonomy":"category","embeddable":true,"href":"https:\/\/www.encontracaruaru.com.br\/noticias\/wp-json\/wp\/v2\/categories?post=295"},{"taxonomy":"post_tag","embeddable":true,"href":"https:\/\/www.encontracaruaru.com.br\/noticias\/wp-json\/wp\/v2\/tags?post=295"}],"curies":[{"name":"wp","href":"https:\/\/api.w.org\/{rel}","templated":true}]}}