{"id":241,"date":"2013-02-25T00:01:19","date_gmt":"2013-02-25T03:01:19","guid":{"rendered":"http:\/\/www.encontracaruaru.com.br\/noticias\/?p=241"},"modified":"2013-08-19T10:13:51","modified_gmt":"2013-08-19T13:13:51","slug":"continuam-abertas-as-inscricoes-para-as-matriculas-da-eja-em-caruaru","status":"publish","type":"post","link":"https:\/\/www.encontracaruaru.com.br\/noticias\/continuam-abertas-as-inscricoes-para-as-matriculas-da-eja-em-caruaru\/","title":{"rendered":"Continuam abertas as inscri\u00e7\u00f5es para as matr\u00edculas da EJA em Caruaru"},"content":{"rendered":"<p>A Secretaria de Educa\u00e7\u00e3o informa que est\u00e3o abertas as matr\u00edculas para a Educa\u00e7\u00e3o de Jovens e Adultos (EJA), ensino fundamental I e II, da rede municipal.<\/p>\n<p>Para participar, o aluno deve ter, no m\u00ednimo, 15 anos, sem limite final de idade, levar o hist\u00f3rico escolar, caso j\u00e1 tenham cursado alguma s\u00e9rie, RG, comprovante de resid\u00eancia e comparecer a qualquer unidade escolar que ofere\u00e7a a modalidade.<\/p>\n<p>Escolas na cidade de Caruaru que oferecem EJA:<\/p>\n<p>Na zona urbana:\u00a0Escola Municipal Teresa Neuma, Jos\u00e9lia Flor\u00eancio, Augusto Tabosa, Luiz Pessoa, Paulina Monteiro, Pedro de Souza, Sinhazinha, Mestre Vitalino, Caic, Jos\u00e9 Flor\u00eancio Le\u00e3o, Kerm\u00f3genes, Gianete Silva, Cristina Tavares, Gen\u00e9sio Campos, Casa do Trabalhador, Leudo Valen\u00e7a, \u00c1lvaro Lins, Joel Pontes, Laura Flor\u00eancio, Professor Machadinho, Santos Anjos, Duque de Caxias e Altair Porto.<\/p>\n<p>Na campo:\u00a0Escola Municipal Presidente Kennedy, Cesarina Moura, Capit\u00e3o Jo\u00e3o Velho, Dr. Tabosa de Almeida, Maria Bezerra Torres, Maria F\u00e9lix, Oscar Barreto, Maria de Lourdes Pepeu, Santa In\u00eas, Jos\u00e9 Clemente, Landelino Rocha.<\/p>\n<p><em>Fonte: Prefeitura Municipal de Caruaru<\/em><\/p>\n","protected":false},"excerpt":{"rendered":"<p>A Secretaria de Educa\u00e7\u00e3o informa que est\u00e3o abertas as matr\u00edculas para a Educa\u00e7\u00e3o de Jovens e Adultos (EJA), ensino fundamental I e II, da rede municipal. Para participar, o aluno deve ter, no m\u00ednimo, 15 anos, sem limite final de idade, levar o hist\u00f3rico escolar, caso j\u00e1 tenham cursado alguma s\u00e9rie, RG, comprovante de resid\u00eancia [&hellip;]<\/p>\n","protected":false},"author":1,"featured_media":0,"comment_status":"open","ping_status":"open","sticky":false,"template":"","format":"standard","meta":{"footnotes":""},"categories":[6,8],"tags":[15],"class_list":["post-241","post","type-post","status-publish","format-standard","hentry","category-noticias-caruaru","category-servicos-caruaru","tag-caruaru"],"_links":{"self":[{"href":"https:\/\/www.encontracaruaru.com.br\/noticias\/wp-json\/wp\/v2\/posts\/241","targetHints":{"allow":["GET"]}}],"collection":[{"href":"https:\/\/www.encontracaruaru.com.br\/noticias\/wp-json\/wp\/v2\/posts"}],"about":[{"href":"https:\/\/www.encontracaruaru.com.br\/noticias\/wp-json\/wp\/v2\/types\/post"}],"author":[{"embeddable":true,"href":"https:\/\/www.encontracaruaru.com.br\/noticias\/wp-json\/wp\/v2\/users\/1"}],"replies":[{"embeddable":true,"href":"https:\/\/www.encontracaruaru.com.br\/noticias\/wp-json\/wp\/v2\/comments?post=241"}],"version-history":[{"count":2,"href":"https:\/\/www.encontracaruaru.com.br\/noticias\/wp-json\/wp\/v2\/posts\/241\/revisions"}],"predecessor-version":[{"id":475,"href":"https:\/\/www.encontracaruaru.com.br\/noticias\/wp-json\/wp\/v2\/posts\/241\/revisions\/475"}],"wp:attachment":[{"href":"https:\/\/www.encontracaruaru.com.br\/noticias\/wp-json\/wp\/v2\/media?parent=241"}],"wp:term":[{"taxonomy":"category","embeddable":true,"href":"https:\/\/www.encontracaruaru.com.br\/noticias\/wp-json\/wp\/v2\/categories?post=241"},{"taxonomy":"post_tag","embeddable":true,"href":"https:\/\/www.encontracaruaru.com.br\/noticias\/wp-json\/wp\/v2\/tags?post=241"}],"curies":[{"name":"wp","href":"https:\/\/api.w.org\/{rel}","templated":true}]}}