{"id":189,"date":"2013-01-28T01:00:34","date_gmt":"2013-01-28T03:00:34","guid":{"rendered":"http:\/\/www.encontracaruaru.com.br\/noticias\/?p=189"},"modified":"2013-08-19T10:13:49","modified_gmt":"2013-08-19T13:13:49","slug":"terceiro-chama-viva-de-caruaru-podera-contar-com-alice-maciel","status":"publish","type":"post","link":"https:\/\/www.encontracaruaru.com.br\/noticias\/terceiro-chama-viva-de-caruaru-podera-contar-com-alice-maciel\/","title":{"rendered":"Terceiro Chama Viva de Caruaru poder\u00e1 contar com Alice Maciel"},"content":{"rendered":"<p>A cidade de Caruaru \u00e9 conhecida como a \u201cCapital do Forr\u00f3\u201d e realiza no m\u00eas de junho diversas festas de S\u00e3o Jo\u00e3o, dentre eles, acontece o Chama Viva, evento que re\u00fane cantores gospel no palco principal do S\u00e3o Jo\u00e3o de Caruaru.<\/p>\n<p>O organizador do evento Jaelcio Ten\u00f3rio declarou que o Chama Viva \u00e9 uma oportunidade de proclamar o Evangelho atrav\u00e9s da m\u00fasica regional. \u201cNosso objetivo \u00e9 transmitir uma mensagem de paz e esperan\u00e7a para as fam\u00edlias, por meio da m\u00fasica\u201d, declara Ten\u00f3rio.<\/p>\n<p>As atra\u00e7\u00f5es do 2\u00ba Chama Viva que ocorreram no S\u00e3o Jo\u00e3o de 2012 foram: o Minist\u00e9rio Brasas no Altar, o cantor Erasmo Miguel (ambos de Caruaru), a Banda Som e Louvor e o cantor Mattos Nascimento.<\/p>\n<p>Segundo nos informou um dos organizadores do evento, o terceiro chama viva poder\u00e1 contar com a presen\u00e7a da Cantora Alice Maciel. Tendo em vista \u00e0s in\u00fameras solicita\u00e7\u00f5es da juventude gospel que anseia ver ela cantando nos palcos do Maior S\u00e3o Jo\u00e3o do Mundo.<\/p>\n<p>A solicita\u00e7\u00e3o \u00e9 pertinente porque a Cantora Gospel Alice Maciel canta em ritmo de forr\u00f3, bem apropriado para a \u00e9poca de S\u00e3o Jo\u00e3o.<\/p>\n<p>O evento \u00e9 apoiado por lideran\u00e7as evang\u00e9licas, inclusive pela Associa\u00e7\u00e3o dos Ministros Evang\u00e9licos do Agreste de Pernambuco (Ameape).<\/p>\n<p><em>Fonte: Jornal de Caruaru<\/em><\/p>\n","protected":false},"excerpt":{"rendered":"<p>A cidade de Caruaru \u00e9 conhecida como a \u201cCapital do Forr\u00f3\u201d e realiza no m\u00eas de junho diversas festas de S\u00e3o Jo\u00e3o, dentre eles, acontece o Chama Viva, evento que re\u00fane cantores gospel no palco principal do S\u00e3o Jo\u00e3o de Caruaru. O organizador do evento Jaelcio Ten\u00f3rio declarou que o Chama Viva \u00e9 uma oportunidade [&hellip;]<\/p>\n","protected":false},"author":1,"featured_media":0,"comment_status":"open","ping_status":"open","sticky":false,"template":"","format":"standard","meta":{"footnotes":""},"categories":[5,6],"tags":[15],"class_list":["post-189","post","type-post","status-publish","format-standard","hentry","category-eventos-caruaru","category-noticias-caruaru","tag-caruaru"],"_links":{"self":[{"href":"https:\/\/www.encontracaruaru.com.br\/noticias\/wp-json\/wp\/v2\/posts\/189","targetHints":{"allow":["GET"]}}],"collection":[{"href":"https:\/\/www.encontracaruaru.com.br\/noticias\/wp-json\/wp\/v2\/posts"}],"about":[{"href":"https:\/\/www.encontracaruaru.com.br\/noticias\/wp-json\/wp\/v2\/types\/post"}],"author":[{"embeddable":true,"href":"https:\/\/www.encontracaruaru.com.br\/noticias\/wp-json\/wp\/v2\/users\/1"}],"replies":[{"embeddable":true,"href":"https:\/\/www.encontracaruaru.com.br\/noticias\/wp-json\/wp\/v2\/comments?post=189"}],"version-history":[{"count":2,"href":"https:\/\/www.encontracaruaru.com.br\/noticias\/wp-json\/wp\/v2\/posts\/189\/revisions"}],"predecessor-version":[{"id":435,"href":"https:\/\/www.encontracaruaru.com.br\/noticias\/wp-json\/wp\/v2\/posts\/189\/revisions\/435"}],"wp:attachment":[{"href":"https:\/\/www.encontracaruaru.com.br\/noticias\/wp-json\/wp\/v2\/media?parent=189"}],"wp:term":[{"taxonomy":"category","embeddable":true,"href":"https:\/\/www.encontracaruaru.com.br\/noticias\/wp-json\/wp\/v2\/categories?post=189"},{"taxonomy":"post_tag","embeddable":true,"href":"https:\/\/www.encontracaruaru.com.br\/noticias\/wp-json\/wp\/v2\/tags?post=189"}],"curies":[{"name":"wp","href":"https:\/\/api.w.org\/{rel}","templated":true}]}}